{"id":6537,"date":"2024-11-21T07:30:00","date_gmt":"2024-11-21T12:30:00","guid":{"rendered":"https:\/\/www.avance.org\/?p=6537"},"modified":"2024-11-21T07:52:14","modified_gmt":"2024-11-21T12:52:14","slug":"avance-austin-announces-new-executive-director","status":"publish","type":"post","link":"https:\/\/www.avance.org\/es\/avance-austin-announces-new-executive-director\/","title":{"rendered":"AVANCE-Austin Anuncia a su Nueva Directora Ejecutiva"},"content":{"rendered":"<h2 class=\"wp-block-heading\" id=\"h-avance-austin-announces-new-executive-director\"><strong>AVANCE-Austin Anuncia a su Nueva Directora Ejecutiva<\/strong><\/h2>\n\n\n\n<h4 class=\"wp-block-heading\" id=\"h-maggie-jaime-will-lead-the-organization-s-operations-expansion-efforts-and-programming-for-austin-area-families\">Maggie Jaime dirigir\u00e1 las operaciones de la organizaci\u00f3n, los esfuerzos de expansi\u00f3n y la programaci\u00f3n para las familias del \u00e1rea de Austin.<\/h4>\n\n\n\n<p><a href=\"https:\/\/avanceaustin.org\/\">AVANCE-Austin<\/a>, l\u00edder local en educaci\u00f3n temprana y programas para padres, se enorgullece en anunciar a Maggie Jaime como su nueva Directora Ejecutiva. Una l\u00edder experimentada y apasionada defensora de los ni\u00f1os y las familias, Jaime ha servido como Directora Ejecutiva Interina de la organizaci\u00f3n desde abril de este a\u00f1o. Su nombramiento como Directora Ejecutiva marca un nuevo y emocionante cap\u00edtulo para AVANCE.<\/p>\n\n\n\n<p>Jaime se uni\u00f3 a AVANCE en 2017 como L\u00edder de Visitas a Domicilio, donde desempe\u00f1\u00f3 un papel crucial en el fortalecimiento de relaciones s\u00f3lidas y positivas entre padres e hijos. Creciendo dentro de la organizaci\u00f3n, ascendi\u00f3 primero a Gerente de Programas y luego a Directora de Programas, liderando iniciativas como AVANCE Innovative Moms and Dads (AIMs), Mamas Avanzando, servicios de Navegaci\u00f3n de Carreras y AVANCE to College.<\/p>\n\n\n\n<p>Como hija de trabajadores agr\u00edcolas migrantes, la historia personal de Jaime refleja la resiliencia y determinaci\u00f3n que aporta a su labor. Creci\u00f3 en Brownsville, en el Valle del R\u00edo Grande de Texas, enfrentando los desaf\u00edos de un entorno de bajos ingresos y con recursos limitados como graduada de primera generaci\u00f3n tanto de preparatoria como de universidad. Jaime ha dedicado su carrera a apoyar a poblaciones vulnerables, ocupando roles previos en gesti\u00f3n de casos, an\u00e1lisis de pol\u00edticas y defensa en el \u00e1mbito del bienestar infantil y para v\u00edctimas de violencia dom\u00e9stica. Como l\u00edder comunitaria, Jaime ha formado parte del Consejo Asesor de Ni\u00f1os de la Ciudad de Austin, el Equipo de Estrategia Comunitaria para el estudio Whole Communities Whole Health de la Universidad de Texas y el Grupo de Trabajo de Reclutamiento y Retenci\u00f3n, asesorando sobre estrategias culturalmente receptivas.<\/p>\n\n\n\n<p>\"Es un honor asumir este rol y seguir sirviendo a las familias que me inspiran cada d\u00eda,\" dijo Jaime. \"Espero con entusiasmo construir sobre nuestro legado de empoderar a las familias y crear oportunidades para que prosperen.\"<\/p>\n\n\n\n<p>Como Directora Ejecutiva, Jaime supervisar\u00e1 las operaciones y trabajar\u00e1 para fortalecer las asociaciones comunitarias, mejorar la accesibilidad de los programas e impulsar la innovaci\u00f3n para apoyar mejor a las familias locales. Su liderazgo ser\u00e1 fundamental para expandir los programas e impacto de AVANCE en la comunidad de Austin.<\/p>\n\n\n\n<p>\"Estoy encantada de dar la bienvenida a Maggie como nuestra nueva Directora Ejecutiva, y estoy segura de que AVANCE-Austin est\u00e1 en excelentes manos bajo su liderazgo,\" comparti\u00f3 la CEO de AVANCE, Dra. Teresa Granillo. \"Ella tiene la pasi\u00f3n y dedicaci\u00f3n necesarias para impulsar la misi\u00f3n de AVANCE, y estamos emocionados de verla continuar marcando una diferencia en este rol.\"<\/p>\n\n\n\n<p>Adem\u00e1s de abogar por la misi\u00f3n de AVANCE y las familias de Austin, Jaime comparte su vida con su esposo, sus dos hijas y su perro, Banjo Macaroni.<\/p>\n\n\n\n<p>\u00danase a nosotros para felicitar a Maggie Jaime como la nueva Directora Ejecutiva de AVANCE-Austin.<\/p>\n\n\n\n<p><\/p>","protected":false},"excerpt":{"rendered":"<p>Maggie Jaime dirigir\u00e1 las operaciones de la organizaci\u00f3n, los esfuerzos de expansi\u00f3n y la programaci\u00f3n para las familias del \u00e1rea de Austin.<\/p>","protected":false},"author":22,"featured_media":6538,"comment_status":"closed","ping_status":"open","sticky":false,"template":"","format":"standard","meta":{"inline_featured_image":false,"footnotes":""},"categories":[1],"tags":[37,73,411,49],"class_list":["post-6537","post","type-post","status-publish","format-standard","has-post-thumbnail","hentry","category-news","tag-avance","tag-avance-to-college","tag-avance-austin","tag-pcep"],"yoast_head":"<!-- This site is optimized with the Yoast SEO Premium plugin v25.3 (Yoast SEO v25.3) - https:\/\/yoast.com\/wordpress\/plugins\/seo\/ -->\n<title>AVANCE-Austin Announces New Executive Director - AVANCE<\/title>\n<meta name=\"description\" content=\"Maggie Jaime will lead the organization\u2019s operations, expansion efforts, and programming for Austin-area families.\" \/>\n<meta name=\"robots\" content=\"index, follow, max-snippet:-1, max-image-preview:large, max-video-preview:-1\" \/>\n<link rel=\"canonical\" href=\"https:\/\/www.avance.org\/es\/avance-austin-announces-new-executive-director\/\" \/>\n<meta property=\"og:locale\" content=\"es_MX\" \/>\n<meta property=\"og:type\" content=\"article\" \/>\n<meta property=\"og:title\" content=\"AVANCE-Austin Announces New Executive Director\" \/>\n<meta property=\"og:description\" content=\"Maggie Jaime will lead the organization\u2019s operations, expansion efforts, and programming for Austin-area families.\" \/>\n<meta property=\"og:url\" content=\"https:\/\/www.avance.org\/es\/avance-austin-announces-new-executive-director\/\" \/>\n<meta property=\"og:site_name\" content=\"AVANCE\" \/>\n<meta property=\"article:publisher\" content=\"https:\/\/www.facebook.com\/AVANCEinc\/\" \/>\n<meta property=\"article:published_time\" content=\"2024-11-21T12:30:00+00:00\" \/>\n<meta property=\"article:modified_time\" content=\"2024-11-21T12:52:14+00:00\" \/>\n<meta property=\"og:image\" content=\"https:\/\/www.avance.org\/wp-content\/uploads\/2024\/11\/Maggie-Jaime-feature-800x400-1.png\" \/>\n\t<meta property=\"og:image:width\" content=\"800\" \/>\n\t<meta property=\"og:image:height\" content=\"400\" \/>\n\t<meta property=\"og:image:type\" content=\"image\/png\" \/>\n<meta name=\"author\" content=\"randerson\" \/>\n<meta name=\"twitter:card\" content=\"summary_large_image\" \/>\n<meta name=\"twitter:creator\" content=\"@AVANCEinc\" \/>\n<meta name=\"twitter:site\" content=\"@AVANCEinc\" \/>\n<meta name=\"twitter:label1\" content=\"Escrito por\" \/>\n\t<meta name=\"twitter:data1\" content=\"randerson\" \/>\n\t<meta name=\"twitter:label2\" content=\"Tiempo de lectura\" \/>\n\t<meta name=\"twitter:data2\" content=\"3 minutos\" \/>\n<script type=\"application\/ld+json\" class=\"yoast-schema-graph\">{\"@context\":\"https:\/\/schema.org\",\"@graph\":[{\"@type\":\"Article\",\"@id\":\"https:\/\/www.avance.org\/avance-austin-announces-new-executive-director\/#article\",\"isPartOf\":{\"@id\":\"https:\/\/www.avance.org\/avance-austin-announces-new-executive-director\/\"},\"author\":{\"name\":\"randerson\",\"@id\":\"https:\/\/www.avance.org\/#\/schema\/person\/6a12f310d7ae6b82e3dc7fc60fa573ce\"},\"headline\":\"AVANCE-Austin Announces New Executive Director\",\"datePublished\":\"2024-11-21T12:30:00+00:00\",\"dateModified\":\"2024-11-21T12:52:14+00:00\",\"mainEntityOfPage\":{\"@id\":\"https:\/\/www.avance.org\/avance-austin-announces-new-executive-director\/\"},\"wordCount\":429,\"publisher\":{\"@id\":\"https:\/\/www.avance.org\/#organization\"},\"image\":{\"@id\":\"https:\/\/www.avance.org\/avance-austin-announces-new-executive-director\/#primaryimage\"},\"thumbnailUrl\":\"https:\/\/www.avance.org\/wp-content\/uploads\/2024\/11\/Maggie-Jaime-feature-800x400-1.png\",\"keywords\":[\"AVANCE\",\"AVANCE to College\",\"AVANCE-Austin\",\"PCEP\"],\"articleSection\":[\"News\"],\"inLanguage\":\"es-MX\"},{\"@type\":\"WebPage\",\"@id\":\"https:\/\/www.avance.org\/avance-austin-announces-new-executive-director\/\",\"url\":\"https:\/\/www.avance.org\/avance-austin-announces-new-executive-director\/\",\"name\":\"AVANCE-Austin Announces New Executive Director - AVANCE\",\"isPartOf\":{\"@id\":\"https:\/\/www.avance.org\/#website\"},\"primaryImageOfPage\":{\"@id\":\"https:\/\/www.avance.org\/avance-austin-announces-new-executive-director\/#primaryimage\"},\"image\":{\"@id\":\"https:\/\/www.avance.org\/avance-austin-announces-new-executive-director\/#primaryimage\"},\"thumbnailUrl\":\"https:\/\/www.avance.org\/wp-content\/uploads\/2024\/11\/Maggie-Jaime-feature-800x400-1.png\",\"datePublished\":\"2024-11-21T12:30:00+00:00\",\"dateModified\":\"2024-11-21T12:52:14+00:00\",\"description\":\"Maggie Jaime will lead the organization\u2019s operations, expansion efforts, and programming for Austin-area families.\",\"breadcrumb\":{\"@id\":\"https:\/\/www.avance.org\/avance-austin-announces-new-executive-director\/#breadcrumb\"},\"inLanguage\":\"es-MX\",\"potentialAction\":[{\"@type\":\"ReadAction\",\"target\":[\"https:\/\/www.avance.org\/avance-austin-announces-new-executive-director\/\"]}]},{\"@type\":\"ImageObject\",\"inLanguage\":\"es-MX\",\"@id\":\"https:\/\/www.avance.org\/avance-austin-announces-new-executive-director\/#primaryimage\",\"url\":\"https:\/\/www.avance.org\/wp-content\/uploads\/2024\/11\/Maggie-Jaime-feature-800x400-1.png\",\"contentUrl\":\"https:\/\/www.avance.org\/wp-content\/uploads\/2024\/11\/Maggie-Jaime-feature-800x400-1.png\",\"width\":800,\"height\":400},{\"@type\":\"BreadcrumbList\",\"@id\":\"https:\/\/www.avance.org\/avance-austin-announces-new-executive-director\/#breadcrumb\",\"itemListElement\":[{\"@type\":\"ListItem\",\"position\":1,\"name\":\"Home\",\"item\":\"https:\/\/www.avance.org\/\"},{\"@type\":\"ListItem\",\"position\":2,\"name\":\"AVANCE-Austin Announces New Executive Director\"}]},{\"@type\":\"WebSite\",\"@id\":\"https:\/\/www.avance.org\/#website\",\"url\":\"https:\/\/www.avance.org\/\",\"name\":\"AVANCE\",\"description\":\"Unlocking America&#039;s Potential\",\"publisher\":{\"@id\":\"https:\/\/www.avance.org\/#organization\"},\"potentialAction\":[{\"@type\":\"SearchAction\",\"target\":{\"@type\":\"EntryPoint\",\"urlTemplate\":\"https:\/\/www.avance.org\/?s={search_term_string}\"},\"query-input\":{\"@type\":\"PropertyValueSpecification\",\"valueRequired\":true,\"valueName\":\"search_term_string\"}}],\"inLanguage\":\"es-MX\"},{\"@type\":\"Organization\",\"@id\":\"https:\/\/www.avance.org\/#organization\",\"name\":\"AVANCE\",\"url\":\"https:\/\/www.avance.org\/\",\"logo\":{\"@type\":\"ImageObject\",\"inLanguage\":\"es-MX\",\"@id\":\"https:\/\/www.avance.org\/#\/schema\/logo\/image\/\",\"url\":\"https:\/\/www.avance.org\/wp-content\/uploads\/2022\/07\/logo.svg\",\"contentUrl\":\"https:\/\/www.avance.org\/wp-content\/uploads\/2022\/07\/logo.svg\",\"caption\":\"AVANCE\"},\"image\":{\"@id\":\"https:\/\/www.avance.org\/#\/schema\/logo\/image\/\"},\"sameAs\":[\"https:\/\/www.facebook.com\/AVANCEinc\/\",\"https:\/\/x.com\/AVANCEinc\",\"https:\/\/www.instagram.com\/avance__inc\/\",\"https:\/\/www.linkedin.com\/company\/avance-inc\"]},{\"@type\":\"Person\",\"@id\":\"https:\/\/www.avance.org\/#\/schema\/person\/6a12f310d7ae6b82e3dc7fc60fa573ce\",\"name\":\"randerson\",\"image\":{\"@type\":\"ImageObject\",\"inLanguage\":\"es-MX\",\"@id\":\"https:\/\/www.avance.org\/#\/schema\/person\/image\/\",\"url\":\"https:\/\/secure.gravatar.com\/avatar\/7471d7b75ab6fe219f2da834bc8eee71d04ff1ab6719ad75779a5ac1dc49f017?s=96&d=mm&r=g\",\"contentUrl\":\"https:\/\/secure.gravatar.com\/avatar\/7471d7b75ab6fe219f2da834bc8eee71d04ff1ab6719ad75779a5ac1dc49f017?s=96&d=mm&r=g\",\"caption\":\"randerson\"},\"url\":\"https:\/\/www.avance.org\/es\/author\/randerson\/\"}]}<\/script>\n<!-- \/ Yoast SEO Premium plugin. -->","yoast_head_json":{"title":"AVANCE-Austin Announces New Executive Director - AVANCE","description":"Maggie Jaime will lead the organization\u2019s operations, expansion efforts, and programming for Austin-area families.","robots":{"index":"index","follow":"follow","max-snippet":"max-snippet:-1","max-image-preview":"max-image-preview:large","max-video-preview":"max-video-preview:-1"},"canonical":"https:\/\/www.avance.org\/es\/avance-austin-announces-new-executive-director\/","og_locale":"es_MX","og_type":"article","og_title":"AVANCE-Austin Announces New Executive Director","og_description":"Maggie Jaime will lead the organization\u2019s operations, expansion efforts, and programming for Austin-area families.","og_url":"https:\/\/www.avance.org\/es\/avance-austin-announces-new-executive-director\/","og_site_name":"AVANCE","article_publisher":"https:\/\/www.facebook.com\/AVANCEinc\/","article_published_time":"2024-11-21T12:30:00+00:00","article_modified_time":"2024-11-21T12:52:14+00:00","og_image":[{"width":800,"height":400,"url":"https:\/\/www.avance.org\/wp-content\/uploads\/2024\/11\/Maggie-Jaime-feature-800x400-1.png","type":"image\/png"}],"author":"randerson","twitter_card":"summary_large_image","twitter_creator":"@AVANCEinc","twitter_site":"@AVANCEinc","twitter_misc":{"Escrito por":"randerson","Tiempo de lectura":"3 minutos"},"schema":{"@context":"https:\/\/schema.org","@graph":[{"@type":"Article","@id":"https:\/\/www.avance.org\/avance-austin-announces-new-executive-director\/#article","isPartOf":{"@id":"https:\/\/www.avance.org\/avance-austin-announces-new-executive-director\/"},"author":{"name":"randerson","@id":"https:\/\/www.avance.org\/#\/schema\/person\/6a12f310d7ae6b82e3dc7fc60fa573ce"},"headline":"AVANCE-Austin Announces New Executive Director","datePublished":"2024-11-21T12:30:00+00:00","dateModified":"2024-11-21T12:52:14+00:00","mainEntityOfPage":{"@id":"https:\/\/www.avance.org\/avance-austin-announces-new-executive-director\/"},"wordCount":429,"publisher":{"@id":"https:\/\/www.avance.org\/#organization"},"image":{"@id":"https:\/\/www.avance.org\/avance-austin-announces-new-executive-director\/#primaryimage"},"thumbnailUrl":"https:\/\/www.avance.org\/wp-content\/uploads\/2024\/11\/Maggie-Jaime-feature-800x400-1.png","keywords":["AVANCE","AVANCE to College","AVANCE-Austin","PCEP"],"articleSection":["News"],"inLanguage":"es-MX"},{"@type":"WebPage","@id":"https:\/\/www.avance.org\/avance-austin-announces-new-executive-director\/","url":"https:\/\/www.avance.org\/avance-austin-announces-new-executive-director\/","name":"AVANCE-Austin Announces New Executive Director - AVANCE","isPartOf":{"@id":"https:\/\/www.avance.org\/#website"},"primaryImageOfPage":{"@id":"https:\/\/www.avance.org\/avance-austin-announces-new-executive-director\/#primaryimage"},"image":{"@id":"https:\/\/www.avance.org\/avance-austin-announces-new-executive-director\/#primaryimage"},"thumbnailUrl":"https:\/\/www.avance.org\/wp-content\/uploads\/2024\/11\/Maggie-Jaime-feature-800x400-1.png","datePublished":"2024-11-21T12:30:00+00:00","dateModified":"2024-11-21T12:52:14+00:00","description":"Maggie Jaime will lead the organization\u2019s operations, expansion efforts, and programming for Austin-area families.","breadcrumb":{"@id":"https:\/\/www.avance.org\/avance-austin-announces-new-executive-director\/#breadcrumb"},"inLanguage":"es-MX","potentialAction":[{"@type":"ReadAction","target":["https:\/\/www.avance.org\/avance-austin-announces-new-executive-director\/"]}]},{"@type":"ImageObject","inLanguage":"es-MX","@id":"https:\/\/www.avance.org\/avance-austin-announces-new-executive-director\/#primaryimage","url":"https:\/\/www.avance.org\/wp-content\/uploads\/2024\/11\/Maggie-Jaime-feature-800x400-1.png","contentUrl":"https:\/\/www.avance.org\/wp-content\/uploads\/2024\/11\/Maggie-Jaime-feature-800x400-1.png","width":800,"height":400},{"@type":"BreadcrumbList","@id":"https:\/\/www.avance.org\/avance-austin-announces-new-executive-director\/#breadcrumb","itemListElement":[{"@type":"ListItem","position":1,"name":"Home","item":"https:\/\/www.avance.org\/"},{"@type":"ListItem","position":2,"name":"AVANCE-Austin Announces New Executive Director"}]},{"@type":"WebSite","@id":"https:\/\/www.avance.org\/#website","url":"https:\/\/www.avance.org\/","name":"AVANCE","description":"Unlocking America&#039;s Potential","publisher":{"@id":"https:\/\/www.avance.org\/#organization"},"potentialAction":[{"@type":"SearchAction","target":{"@type":"EntryPoint","urlTemplate":"https:\/\/www.avance.org\/?s={search_term_string}"},"query-input":{"@type":"PropertyValueSpecification","valueRequired":true,"valueName":"search_term_string"}}],"inLanguage":"es-MX"},{"@type":"Organization","@id":"https:\/\/www.avance.org\/#organization","name":"AVANCE","url":"https:\/\/www.avance.org\/","logo":{"@type":"ImageObject","inLanguage":"es-MX","@id":"https:\/\/www.avance.org\/#\/schema\/logo\/image\/","url":"https:\/\/www.avance.org\/wp-content\/uploads\/2022\/07\/logo.svg","contentUrl":"https:\/\/www.avance.org\/wp-content\/uploads\/2022\/07\/logo.svg","caption":"AVANCE"},"image":{"@id":"https:\/\/www.avance.org\/#\/schema\/logo\/image\/"},"sameAs":["https:\/\/www.facebook.com\/AVANCEinc\/","https:\/\/x.com\/AVANCEinc","https:\/\/www.instagram.com\/avance__inc\/","https:\/\/www.linkedin.com\/company\/avance-inc"]},{"@type":"Person","@id":"https:\/\/www.avance.org\/#\/schema\/person\/6a12f310d7ae6b82e3dc7fc60fa573ce","name":"randerson","image":{"@type":"ImageObject","inLanguage":"es-MX","@id":"https:\/\/www.avance.org\/#\/schema\/person\/image\/","url":"https:\/\/secure.gravatar.com\/avatar\/7471d7b75ab6fe219f2da834bc8eee71d04ff1ab6719ad75779a5ac1dc49f017?s=96&d=mm&r=g","contentUrl":"https:\/\/secure.gravatar.com\/avatar\/7471d7b75ab6fe219f2da834bc8eee71d04ff1ab6719ad75779a5ac1dc49f017?s=96&d=mm&r=g","caption":"randerson"},"url":"https:\/\/www.avance.org\/es\/author\/randerson\/"}]}},"post_mailing_queue_ids":[],"_links":{"self":[{"href":"https:\/\/www.avance.org\/es\/wp-json\/wp\/v2\/posts\/6537","targetHints":{"allow":["GET"]}}],"collection":[{"href":"https:\/\/www.avance.org\/es\/wp-json\/wp\/v2\/posts"}],"about":[{"href":"https:\/\/www.avance.org\/es\/wp-json\/wp\/v2\/types\/post"}],"author":[{"embeddable":true,"href":"https:\/\/www.avance.org\/es\/wp-json\/wp\/v2\/users\/22"}],"replies":[{"embeddable":true,"href":"https:\/\/www.avance.org\/es\/wp-json\/wp\/v2\/comments?post=6537"}],"version-history":[{"count":1,"href":"https:\/\/www.avance.org\/es\/wp-json\/wp\/v2\/posts\/6537\/revisions"}],"predecessor-version":[{"id":6539,"href":"https:\/\/www.avance.org\/es\/wp-json\/wp\/v2\/posts\/6537\/revisions\/6539"}],"wp:featuredmedia":[{"embeddable":true,"href":"https:\/\/www.avance.org\/es\/wp-json\/wp\/v2\/media\/6538"}],"wp:attachment":[{"href":"https:\/\/www.avance.org\/es\/wp-json\/wp\/v2\/media?parent=6537"}],"wp:term":[{"taxonomy":"category","embeddable":true,"href":"https:\/\/www.avance.org\/es\/wp-json\/wp\/v2\/categories?post=6537"},{"taxonomy":"post_tag","embeddable":true,"href":"https:\/\/www.avance.org\/es\/wp-json\/wp\/v2\/tags?post=6537"}],"curies":[{"name":"wp","href":"https:\/\/api.w.org\/{rel}","templated":true}]}}