{"id":5899,"date":"2024-07-03T07:26:34","date_gmt":"2024-07-03T12:26:34","guid":{"rendered":"https:\/\/www.avance.org\/?p=5899"},"modified":"2024-07-03T07:26:36","modified_gmt":"2024-07-03T12:26:36","slug":"additions-to-the-avance-national-board","status":"publish","type":"post","link":"https:\/\/www.avance.org\/es\/additions-to-the-avance-national-board\/","title":{"rendered":"<strong>Additions to the AVANCE National Board of Directors<\/strong>"},"content":{"rendered":"<h3 class=\"wp-block-heading\"><strong>Additions to the AVANCE National Board of Directors<\/strong><\/h3>\n\n\n\n<p>The AVANCE National Board of Directors has grown! We are pleased to introduce eight new members to the Board, including new parent and chapter representatives. We\u2019re excited to have them on the team and thankful for the unique perspectives and expertise each brings to our diverse Board of Directors.<\/p>\n\n\n<div class=\"wp-block-image\">\n<figure class=\"alignleft size-full is-resized\"><img loading=\"lazy\" decoding=\"async\" src=\"https:\/\/www.avance.org\/wp-content\/uploads\/2024\/06\/Sterling-Stewart-200x200-1.png\" alt=\"\" class=\"wp-image-5884\" width=\"150\" height=\"150\" srcset=\"https:\/\/www.avance.org\/wp-content\/uploads\/2024\/06\/Sterling-Stewart-200x200-1.png 200w, https:\/\/www.avance.org\/wp-content\/uploads\/2024\/06\/Sterling-Stewart-200x200-1-150x150.png 150w, https:\/\/www.avance.org\/wp-content\/uploads\/2024\/06\/Sterling-Stewart-200x200-1-12x12.png 12w\" sizes=\"auto, (max-width: 150px) 100vw, 150px\" \/><\/figure><\/div>\n\n\n<h4 class=\"wp-block-heading\"><strong>Sterling Stewart, <\/strong>Parent Representative (Houston)<\/h4>\n\n\n\n<p>Sterling Stewart is an active Union Representative for the American Postal Workers Union (APWU). He advocates for labor rights and positively impacts children&#8217;s lives as Chair of the AVANCE-Houston Policy Council and President of the Parent Committee. In his free time, Sterling enjoys reading and spending time with his two children.<\/p>\n\n\n\n<p><\/p>\n\n\n\n<h4 class=\"wp-block-heading\"><strong>Rose Martinez, <\/strong>Parent Representative (San Antonio)<\/h4>\n\n\n<div class=\"wp-block-image\">\n<figure class=\"alignleft size-full is-resized\"><img loading=\"lazy\" decoding=\"async\" src=\"https:\/\/www.avance.org\/wp-content\/uploads\/2024\/06\/Rose-Martinez-2x2-1.png\" alt=\"\" class=\"wp-image-5883\" width=\"150\" height=\"150\" srcset=\"https:\/\/www.avance.org\/wp-content\/uploads\/2024\/06\/Rose-Martinez-2x2-1.png 200w, https:\/\/www.avance.org\/wp-content\/uploads\/2024\/06\/Rose-Martinez-2x2-1-150x150.png 150w, https:\/\/www.avance.org\/wp-content\/uploads\/2024\/06\/Rose-Martinez-2x2-1-12x12.png 12w\" sizes=\"auto, (max-width: 150px) 100vw, 150px\" \/><\/figure><\/div>\n\n\n<p>Rose es miembro del Consejo de Pol\u00edticas de AVANCE-San Antonio. Tiene una Maestr\u00eda en Artes en Ense\u00f1anza de UIW y ha trabajado en Vestal Elementary durante 16 a\u00f1os, ense\u00f1ando en el jard\u00edn de infantes, primer y tercer grado. Durante sus a\u00f1os en Vestal, ha sido l\u00edder de equipo, ha ayudado en diferentes comunidades y forma parte de DEPERC, donde se debatan decisiones importantes que afectan a nuestra comunidad, a los empleados, a las partes interesadas y, en su mayor\u00eda, a sus estudiantes. Tambi\u00e9n es miembro de la Asociaci\u00f3n de Educaci\u00f3n de Harlandale y forma parte del Asesor de Seguros. Estar involucrado en el desarrollo y la educaci\u00f3n infantil es importante para Rose, y tambi\u00e9n esta certificada en cuidado tutelar. Actualmente est\u00e1 criando a su nieta que asiste al programa de Early Head Start en AVANCE en Fenley Main.<\/p>\n\n\n\n<h4 class=\"wp-block-heading\"><strong>Dra. Iliana Alan\u00eds<\/strong><\/h4>\n\n\n<div class=\"wp-block-image\">\n<figure class=\"alignleft size-full is-resized\"><img loading=\"lazy\" decoding=\"async\" src=\"https:\/\/www.avance.org\/wp-content\/uploads\/2024\/06\/Iliana-Alanis-2x2-1.png\" alt=\"\" class=\"wp-image-5880\" width=\"150\" height=\"150\" srcset=\"https:\/\/www.avance.org\/wp-content\/uploads\/2024\/06\/Iliana-Alanis-2x2-1.png 200w, https:\/\/www.avance.org\/wp-content\/uploads\/2024\/06\/Iliana-Alanis-2x2-1-150x150.png 150w, https:\/\/www.avance.org\/wp-content\/uploads\/2024\/06\/Iliana-Alanis-2x2-1-12x12.png 12w\" sizes=\"auto, (max-width: 150px) 100vw, 150px\" \/><\/figure><\/div>\n\n\n<p>La Dra. Iliana Alan\u00eds, es nativa del sur de Texas, y profesora de Educaci\u00f3n Infantil y Primaria en el Departamento de Aprendizaje y Ense\u00f1anza Interdisciplinario. Complet\u00f3 su Doctorado en la Universidad de Texas, Austin, en Curr\u00edculo e Instrucci\u00f3n con especializaciones en Estudios Multiling\u00fces y Psicolog\u00eda de la Educaci\u00f3n. Ella involucra a los candidatos a maestros y a maestros en ejercicios para su trabajo en clases diversas en cultura y ling\u00fc\u00edsticas, con un enfoque principal en los derechos de los ni\u00f1os peque\u00f1os para desarrollar su lengua materna y su identidad cultural. La Doctora Alan\u00eds utiliza una lente sociocultural para examinar pr\u00e1cticas pedag\u00f3gicas efectivas en la primera infancia, contextos de doble lenguaje. Su experencia en todos los \u00e1mbitos de trabajo incluye m\u00e1s de 50 publicaciones arbitradas. Antes de entrar en la academia, la Dra. Alan\u00eds fu\u00e9 profesora biling\u00fce para estudiantes de segundo grado en el Valle del R\u00edo Grande de Texas. Es miembro del Instituto de Formaci\u00f3n en Lenguajes Duales y miembro fundador del Grupo de Consultor\u00eda Vales Por Dos. La Dra. Alan\u00eds tambi\u00e9n ha ocupado puestos de liderazgo, incluida la presidencia de la Asociaci\u00f3n de Texas para la Educaci\u00f3n Biling\u00fce (TABE), miembro de la junta directiva del Instituto Nacional Latino de la Infancia y miembro de la Junta Directiva de la Asociaci\u00f3n Nacional para la Educaci\u00f3n Infantil (NAEYC).<\/p>\n\n\n\n<h4 class=\"wp-block-heading\"><strong>Belinda May Arambula<\/strong><\/h4>\n\n\n<div class=\"wp-block-image\">\n<figure class=\"alignleft size-full is-resized\"><img loading=\"lazy\" decoding=\"async\" src=\"https:\/\/www.avance.org\/wp-content\/uploads\/2024\/06\/belinda-arambula-2x2-1.png\" alt=\"\" class=\"wp-image-5878\" width=\"150\" height=\"150\" srcset=\"https:\/\/www.avance.org\/wp-content\/uploads\/2024\/06\/belinda-arambula-2x2-1.png 200w, https:\/\/www.avance.org\/wp-content\/uploads\/2024\/06\/belinda-arambula-2x2-1-150x150.png 150w, https:\/\/www.avance.org\/wp-content\/uploads\/2024\/06\/belinda-arambula-2x2-1-12x12.png 12w\" sizes=\"auto, (max-width: 150px) 100vw, 150px\" \/><\/figure><\/div>\n\n\n<p>Belinda May Arambula es socia de Terrazas PLLC, donde tiene una pr\u00e1ctica diversa de litigios civiles, de defectos de construcci\u00f3n hasta litigios comerciales y lesiones personales. Tambi\u00e9n forma parte de las juntas directivas de varias organizaciones de abogados estatales y locales, incluido el Comit\u00e9 de Reglas de Evidencia de Texas, la Fundaci\u00f3n del Colegio de Abogados de Austin y el Colegio de Abogados Hispano de Austin (ex presidente). Cuando no est\u00e1 sirviendo a sus clientes o a la comunidad legal, Belinda est\u00e1 en entrenamiento para su pr\u00f3xima carrera o se ofrece como voluntaria con la Hispanic Bar Foundation, el Cap\u00edtulo AVANCE-Austin y los Boy Scouts of America. Belinda Obtuvo su licenciatura en la Universidad de Baylor y su t\u00edtulo en derecho en la Facultad de Derecho de la Universidad de Illinois.<\/p>\n\n\n\n<h4 class=\"wp-block-heading\"><strong>Priscilla Camacho<\/strong><\/h4>\n\n\n<div class=\"wp-block-image\">\n<figure class=\"alignleft size-full is-resized\"><img loading=\"lazy\" decoding=\"async\" src=\"https:\/\/www.avance.org\/wp-content\/uploads\/2024\/06\/priscillacamancho-2x2-1.png\" alt=\"\" class=\"wp-image-5882\" width=\"150\" height=\"150\" srcset=\"https:\/\/www.avance.org\/wp-content\/uploads\/2024\/06\/priscillacamancho-2x2-1.png 200w, https:\/\/www.avance.org\/wp-content\/uploads\/2024\/06\/priscillacamancho-2x2-1-150x150.png 150w, https:\/\/www.avance.org\/wp-content\/uploads\/2024\/06\/priscillacamancho-2x2-1-12x12.png 12w\" sizes=\"auto, (max-width: 150px) 100vw, 150px\" \/><\/figure><\/div>\n\n\n<p>Priscilla serves as the Chief Legislative, Industry, &amp; External Relations Officer at Alamo Colleges District. In her role, she focuses on legislative policy, relationships with industry partners, and collaborating with community organizations whose mission and work align with the Alamo Colleges. Prior to Alamo Colleges, Priscilla worked for the Dallas Regional Chamber and the San Antonio Chamber of Commerce. A family law attorney early in her career, Priscilla worked for several San Antonio law firms, including Plunket &amp; Gibson and Ford &amp; Massey. She also owned and operated her own law practice for several years. A native of Laredo, Texas, Priscilla graduated from St. Mary\u2019s University with a degree in English &amp; Communication Arts and received her law degree from the Texas Tech University School of Law. Priscilla has also served in various capacities on nonprofit and governmental boards and has been recognized for her service to the bar and community. Priscilla has been named as a 40 under 40 leader by the San Antonio Business Journal, G.O.L.D. Award recipient from the Texas Tech University School of Law, Outstanding Young Lawyer by the Bexar County Women\u2019s Bar Association, and a Texas Super Lawyer Rising Star by Texas Monthly and Scene in SA Magazine.\u00a0<\/p>\n\n\n\n<h4 class=\"wp-block-heading\"><strong>Ife Gbosi<\/strong><\/h4>\n\n\n<div class=\"wp-block-image\">\n<figure class=\"alignleft size-full is-resized\"><img loading=\"lazy\" decoding=\"async\" src=\"https:\/\/www.avance.org\/wp-content\/uploads\/2024\/06\/Ife-Gbosi-2x2-1.png\" alt=\"\" class=\"wp-image-5879\" width=\"150\" height=\"150\" srcset=\"https:\/\/www.avance.org\/wp-content\/uploads\/2024\/06\/Ife-Gbosi-2x2-1.png 200w, https:\/\/www.avance.org\/wp-content\/uploads\/2024\/06\/Ife-Gbosi-2x2-1-150x150.png 150w, https:\/\/www.avance.org\/wp-content\/uploads\/2024\/06\/Ife-Gbosi-2x2-1-12x12.png 12w\" sizes=\"auto, (max-width: 150px) 100vw, 150px\" \/><\/figure><\/div>\n\n\n<p>Ife Gposi lidera las iniciativas de cambio de cr\u00e9dito comercial para Bank of America. Sus responsabilidades incluyen la supervisi\u00f3n de varios procesos y plataformas que ofrecen soluciones de cr\u00e9dito integrales para clientes de Banca Comercial, Banca Comercial Global y Mercados Globales. Antes de su puesto actual, Ife fue l\u00edder en pr\u00e9stamos en la Universidad Prairie View A&amp;M. Ife dirigi\u00f3 iniciativas en todo el campus para conectar a los estudiantes con las trayectorias profesionales y se comprometi\u00f3 con los empleadores para impulsar la contrataci\u00f3n de estudiantes de Prairie View A&amp;M para pasant\u00edas y puestos a tiempo completo. Ife se uni\u00f3 a Bank of America en diciembre de 2005 y ocup\u00f3 varios puestos de liderazgo en su Banco de Consumo, Divisi\u00f3n de Tecnolog\u00eda y Operaciones Globales y Cumplimiento Regulatorio antes de unirse al Programa de L\u00edderes en Pr\u00e9stamos.<\/p>\n\n\n\n<h4 class=\"wp-block-heading\"><strong>Dra. Nicole McZeal Walters<\/strong><\/h4>\n\n\n<div class=\"wp-block-image\">\n<figure class=\"alignleft size-full is-resized\"><img loading=\"lazy\" decoding=\"async\" src=\"https:\/\/www.avance.org\/wp-content\/uploads\/2024\/06\/Nicole-McZeal-Walters-AVANCE-HOUSTON-2x2-1.png\" alt=\"\" class=\"wp-image-5881\" width=\"150\" height=\"150\" srcset=\"https:\/\/www.avance.org\/wp-content\/uploads\/2024\/06\/Nicole-McZeal-Walters-AVANCE-HOUSTON-2x2-1.png 200w, https:\/\/www.avance.org\/wp-content\/uploads\/2024\/06\/Nicole-McZeal-Walters-AVANCE-HOUSTON-2x2-1-150x150.png 150w, https:\/\/www.avance.org\/wp-content\/uploads\/2024\/06\/Nicole-McZeal-Walters-AVANCE-HOUSTON-2x2-1-12x12.png 12w\" sizes=\"auto, (max-width: 150px) 100vw, 150px\" \/><\/figure><\/div>\n\n\n<p>La Dra. Nicole McZeal Walters es la decana fundadora de la Escuela Kolbe de Innovaci\u00f3n y Estudios Profesionales de la Universidad de St. Thomas y tambi\u00e9n es profesora asociado de Liderazgo Educativo. Como profesora de liderazgo, su agenda de investigaci\u00f3n incluye el desarrollo de l\u00edderes para abrazar el liderazgo de servicio y moral, la filantrop\u00eda social y la integraci\u00f3n de la cultura y el idioma para apoyar el rendimiento acad\u00e9mico en estudiantes hist\u00f3ricamente desatendidos y marginados. Su trabajo acad\u00e9mico ha sido publicado en Women, Gender, and Families of Color Journal, International Journal of Educational Reform, Wisconsin English Journal, Gifted Child Today y School Leadership Review. Ella es coeditora de un libro titulado Gumbo for the Soul Il: Liberating Memoirs and Stories to Inspire Females of Color. La Dra. Walters ha sido galardonada con la Educadora Sobresaliente del A\u00f1o por el Consejo de Cuidado Infantil del Gran Houston, el Premio a la Escuela Superior de Educaci\u00f3n UH por la Universidad de Houston, el Premio a la Excelencia en la Educaci\u00f3n por la Universidad del Sur de Texas, el Premio al D\u00eda de los Fundadores por el Spelman College, y ha sido reconocida por la revista Houston como una de las 50 mujeres m\u00e1s influyentes de Houston. Doctor Walters tiene una Licenciatura en Ciencias en Ingl\u00e9s y Estudios Interdisciplinarios de la Universidad de Houston, y una Maestr\u00eda y un Doctorado en Liderazgo Educativo de la Universidad del Sur de Texas.<\/p>\n\n\n\n<h4 class=\"wp-block-heading\"><strong>Alice Rodriguez<\/strong><\/h4>\n\n\n<div class=\"wp-block-image\">\n<figure class=\"alignleft size-full is-resized\"><img loading=\"lazy\" decoding=\"async\" src=\"https:\/\/www.avance.org\/wp-content\/uploads\/2024\/06\/alicerodriguez-200x200-1.png\" alt=\"\" class=\"wp-image-5877\" width=\"150\" height=\"150\" srcset=\"https:\/\/www.avance.org\/wp-content\/uploads\/2024\/06\/alicerodriguez-200x200-1.png 200w, https:\/\/www.avance.org\/wp-content\/uploads\/2024\/06\/alicerodriguez-200x200-1-150x150.png 150w, https:\/\/www.avance.org\/wp-content\/uploads\/2024\/06\/alicerodriguez-200x200-1-12x12.png 12w\" sizes=\"auto, (max-width: 150px) 100vw, 150px\" \/><\/figure><\/div>\n\n\n<p>Alice Rodr\u00edguez tiene m\u00e1s de 35 a\u00f1os de amplia experiencia bancaria con JPMorgan Chase y sus predecesores. Ha ocupado cargos ejecutivos en Banca Comercial, Banca de Consumo, Gesti\u00f3n de Patrimonio e Impacto Comunitario. Desde que se jubil\u00f3, Alice se ha involucrado m\u00e1s activamente en un negocio que ha copropietado con su marido, Tom Kendall, durante 20 a\u00f1os. Kendall Milagro Inc. es una empresa familiar en el \u00e1rea de Dallas que se centra en la construcci\u00f3n de casas boutique e inversiones inmobiliarias. Ella forma parte de la junta directiva de la mayor jugadora de servicios p\u00fablicos de Texas, Oncor Electric Delivery Co. Alice tiene una licenciatura en Administraci\u00f3n de la Universidad de Texas Rio Grande Valley. Sus licencias de inversi\u00f3n profesional incluyen las series 7, 9, 10 y 66. Alice es la presidenta inmediata de la C\u00e1mara de Comercio Hispano de los Estados Unidos y actualmente trabaja en muchas otras juntas, incluyendo Dream Spring CDFI, Latino Business Action Network, Perot Museum y Dallas Arboretum.<\/p>","protected":false},"excerpt":{"rendered":"<p>The AVANCE National Board of Directors has grown! We are pleased to introduce eight new members, each of whom brings unique perspectives and expertise to our diverse Board of Directors.<\/p>","protected":false},"author":22,"featured_media":0,"comment_status":"open","ping_status":"open","sticky":false,"template":"","format":"standard","meta":{"inline_featured_image":false,"footnotes":""},"categories":[1],"tags":[37],"class_list":["post-5899","post","type-post","status-publish","format-standard","hentry","category-news","tag-avance"],"yoast_head":"<!-- This site is optimized with the Yoast SEO Premium plugin v25.3 (Yoast SEO v25.3) - https:\/\/yoast.com\/wordpress\/plugins\/seo\/ -->\n<title>Additions to the AVANCE National Board of Directors - AVANCE<\/title>\n<meta name=\"description\" content=\"The AVANCE National Board of Directors has grown! We are pleased to introduce eight new members, each of whom brings unique perspectives and expertise to our diverse Board of Directors.\" \/>\n<meta name=\"robots\" content=\"index, follow, max-snippet:-1, max-image-preview:large, max-video-preview:-1\" \/>\n<link rel=\"canonical\" href=\"https:\/\/www.avance.org\/es\/additions-to-the-avance-national-board\/\" \/>\n<meta property=\"og:locale\" content=\"es_MX\" \/>\n<meta property=\"og:type\" content=\"article\" \/>\n<meta property=\"og:title\" content=\"Additions to the AVANCE National Board of Directors\" \/>\n<meta property=\"og:description\" content=\"The AVANCE National Board of Directors has grown! We are pleased to introduce eight new members, each of whom brings unique perspectives and expertise to our diverse Board of Directors.\" \/>\n<meta property=\"og:url\" content=\"https:\/\/www.avance.org\/es\/additions-to-the-avance-national-board\/\" \/>\n<meta property=\"og:site_name\" content=\"AVANCE\" \/>\n<meta property=\"article:publisher\" content=\"https:\/\/www.facebook.com\/AVANCEinc\/\" \/>\n<meta property=\"article:published_time\" content=\"2024-07-03T12:26:34+00:00\" \/>\n<meta property=\"article:modified_time\" content=\"2024-07-03T12:26:36+00:00\" \/>\n<meta property=\"og:image\" content=\"https:\/\/www.avance.org\/wp-content\/uploads\/2024\/06\/Sterling-Stewart-200x200-1.png\" \/>\n<meta name=\"author\" content=\"randerson\" \/>\n<meta name=\"twitter:card\" content=\"summary_large_image\" \/>\n<meta name=\"twitter:creator\" content=\"@AVANCEinc\" \/>\n<meta name=\"twitter:site\" content=\"@AVANCEinc\" \/>\n<meta name=\"twitter:label1\" content=\"Escrito por\" \/>\n\t<meta name=\"twitter:data1\" content=\"randerson\" \/>\n\t<meta name=\"twitter:label2\" content=\"Tiempo de lectura\" \/>\n\t<meta name=\"twitter:data2\" content=\"7 minutos\" \/>\n<script type=\"application\/ld+json\" class=\"yoast-schema-graph\">{\"@context\":\"https:\/\/schema.org\",\"@graph\":[{\"@type\":\"Article\",\"@id\":\"https:\/\/www.avance.org\/additions-to-the-avance-national-board\/#article\",\"isPartOf\":{\"@id\":\"https:\/\/www.avance.org\/additions-to-the-avance-national-board\/\"},\"author\":{\"name\":\"randerson\",\"@id\":\"https:\/\/www.avance.org\/#\/schema\/person\/6a12f310d7ae6b82e3dc7fc60fa573ce\"},\"headline\":\"Additions to the AVANCE National Board of Directors\",\"datePublished\":\"2024-07-03T12:26:34+00:00\",\"dateModified\":\"2024-07-03T12:26:36+00:00\",\"mainEntityOfPage\":{\"@id\":\"https:\/\/www.avance.org\/additions-to-the-avance-national-board\/\"},\"wordCount\":1236,\"commentCount\":0,\"publisher\":{\"@id\":\"https:\/\/www.avance.org\/#organization\"},\"image\":{\"@id\":\"https:\/\/www.avance.org\/additions-to-the-avance-national-board\/#primaryimage\"},\"thumbnailUrl\":\"https:\/\/www.avance.org\/wp-content\/uploads\/2024\/06\/Sterling-Stewart-200x200-1.png\",\"keywords\":[\"AVANCE\"],\"articleSection\":[\"News\"],\"inLanguage\":\"es-MX\",\"potentialAction\":[{\"@type\":\"CommentAction\",\"name\":\"Comment\",\"target\":[\"https:\/\/www.avance.org\/additions-to-the-avance-national-board\/#respond\"]}]},{\"@type\":\"WebPage\",\"@id\":\"https:\/\/www.avance.org\/additions-to-the-avance-national-board\/\",\"url\":\"https:\/\/www.avance.org\/additions-to-the-avance-national-board\/\",\"name\":\"Additions to the AVANCE National Board of Directors - AVANCE\",\"isPartOf\":{\"@id\":\"https:\/\/www.avance.org\/#website\"},\"primaryImageOfPage\":{\"@id\":\"https:\/\/www.avance.org\/additions-to-the-avance-national-board\/#primaryimage\"},\"image\":{\"@id\":\"https:\/\/www.avance.org\/additions-to-the-avance-national-board\/#primaryimage\"},\"thumbnailUrl\":\"https:\/\/www.avance.org\/wp-content\/uploads\/2024\/06\/Sterling-Stewart-200x200-1.png\",\"datePublished\":\"2024-07-03T12:26:34+00:00\",\"dateModified\":\"2024-07-03T12:26:36+00:00\",\"description\":\"The AVANCE National Board of Directors has grown! We are pleased to introduce eight new members, each of whom brings unique perspectives and expertise to our diverse Board of Directors.\",\"breadcrumb\":{\"@id\":\"https:\/\/www.avance.org\/additions-to-the-avance-national-board\/#breadcrumb\"},\"inLanguage\":\"es-MX\",\"potentialAction\":[{\"@type\":\"ReadAction\",\"target\":[\"https:\/\/www.avance.org\/additions-to-the-avance-national-board\/\"]}]},{\"@type\":\"ImageObject\",\"inLanguage\":\"es-MX\",\"@id\":\"https:\/\/www.avance.org\/additions-to-the-avance-national-board\/#primaryimage\",\"url\":\"https:\/\/www.avance.org\/wp-content\/uploads\/2024\/06\/Sterling-Stewart-200x200-1.png\",\"contentUrl\":\"https:\/\/www.avance.org\/wp-content\/uploads\/2024\/06\/Sterling-Stewart-200x200-1.png\"},{\"@type\":\"BreadcrumbList\",\"@id\":\"https:\/\/www.avance.org\/additions-to-the-avance-national-board\/#breadcrumb\",\"itemListElement\":[{\"@type\":\"ListItem\",\"position\":1,\"name\":\"Home\",\"item\":\"https:\/\/www.avance.org\/\"},{\"@type\":\"ListItem\",\"position\":2,\"name\":\"Additions to the AVANCE National Board of Directors\"}]},{\"@type\":\"WebSite\",\"@id\":\"https:\/\/www.avance.org\/#website\",\"url\":\"https:\/\/www.avance.org\/\",\"name\":\"AVANCE\",\"description\":\"Unlocking America&#039;s Potential\",\"publisher\":{\"@id\":\"https:\/\/www.avance.org\/#organization\"},\"potentialAction\":[{\"@type\":\"SearchAction\",\"target\":{\"@type\":\"EntryPoint\",\"urlTemplate\":\"https:\/\/www.avance.org\/?s={search_term_string}\"},\"query-input\":{\"@type\":\"PropertyValueSpecification\",\"valueRequired\":true,\"valueName\":\"search_term_string\"}}],\"inLanguage\":\"es-MX\"},{\"@type\":\"Organization\",\"@id\":\"https:\/\/www.avance.org\/#organization\",\"name\":\"AVANCE\",\"url\":\"https:\/\/www.avance.org\/\",\"logo\":{\"@type\":\"ImageObject\",\"inLanguage\":\"es-MX\",\"@id\":\"https:\/\/www.avance.org\/#\/schema\/logo\/image\/\",\"url\":\"https:\/\/www.avance.org\/wp-content\/uploads\/2022\/07\/logo.svg\",\"contentUrl\":\"https:\/\/www.avance.org\/wp-content\/uploads\/2022\/07\/logo.svg\",\"caption\":\"AVANCE\"},\"image\":{\"@id\":\"https:\/\/www.avance.org\/#\/schema\/logo\/image\/\"},\"sameAs\":[\"https:\/\/www.facebook.com\/AVANCEinc\/\",\"https:\/\/x.com\/AVANCEinc\",\"https:\/\/www.instagram.com\/avance__inc\/\",\"https:\/\/www.linkedin.com\/company\/avance-inc\"]},{\"@type\":\"Person\",\"@id\":\"https:\/\/www.avance.org\/#\/schema\/person\/6a12f310d7ae6b82e3dc7fc60fa573ce\",\"name\":\"randerson\",\"image\":{\"@type\":\"ImageObject\",\"inLanguage\":\"es-MX\",\"@id\":\"https:\/\/www.avance.org\/#\/schema\/person\/image\/\",\"url\":\"https:\/\/secure.gravatar.com\/avatar\/7471d7b75ab6fe219f2da834bc8eee71d04ff1ab6719ad75779a5ac1dc49f017?s=96&d=mm&r=g\",\"contentUrl\":\"https:\/\/secure.gravatar.com\/avatar\/7471d7b75ab6fe219f2da834bc8eee71d04ff1ab6719ad75779a5ac1dc49f017?s=96&d=mm&r=g\",\"caption\":\"randerson\"},\"url\":\"https:\/\/www.avance.org\/es\/author\/randerson\/\"}]}<\/script>\n<!-- \/ Yoast SEO Premium plugin. -->","yoast_head_json":{"title":"Additions to the AVANCE National Board of Directors - AVANCE","description":"The AVANCE National Board of Directors has grown! We are pleased to introduce eight new members, each of whom brings unique perspectives and expertise to our diverse Board of Directors.","robots":{"index":"index","follow":"follow","max-snippet":"max-snippet:-1","max-image-preview":"max-image-preview:large","max-video-preview":"max-video-preview:-1"},"canonical":"https:\/\/www.avance.org\/es\/additions-to-the-avance-national-board\/","og_locale":"es_MX","og_type":"article","og_title":"Additions to the AVANCE National Board of Directors","og_description":"The AVANCE National Board of Directors has grown! We are pleased to introduce eight new members, each of whom brings unique perspectives and expertise to our diverse Board of Directors.","og_url":"https:\/\/www.avance.org\/es\/additions-to-the-avance-national-board\/","og_site_name":"AVANCE","article_publisher":"https:\/\/www.facebook.com\/AVANCEinc\/","article_published_time":"2024-07-03T12:26:34+00:00","article_modified_time":"2024-07-03T12:26:36+00:00","og_image":[{"url":"https:\/\/www.avance.org\/wp-content\/uploads\/2024\/06\/Sterling-Stewart-200x200-1.png","type":"","width":"","height":""}],"author":"randerson","twitter_card":"summary_large_image","twitter_creator":"@AVANCEinc","twitter_site":"@AVANCEinc","twitter_misc":{"Escrito por":"randerson","Tiempo de lectura":"7 minutos"},"schema":{"@context":"https:\/\/schema.org","@graph":[{"@type":"Article","@id":"https:\/\/www.avance.org\/additions-to-the-avance-national-board\/#article","isPartOf":{"@id":"https:\/\/www.avance.org\/additions-to-the-avance-national-board\/"},"author":{"name":"randerson","@id":"https:\/\/www.avance.org\/#\/schema\/person\/6a12f310d7ae6b82e3dc7fc60fa573ce"},"headline":"Additions to the AVANCE National Board of Directors","datePublished":"2024-07-03T12:26:34+00:00","dateModified":"2024-07-03T12:26:36+00:00","mainEntityOfPage":{"@id":"https:\/\/www.avance.org\/additions-to-the-avance-national-board\/"},"wordCount":1236,"commentCount":0,"publisher":{"@id":"https:\/\/www.avance.org\/#organization"},"image":{"@id":"https:\/\/www.avance.org\/additions-to-the-avance-national-board\/#primaryimage"},"thumbnailUrl":"https:\/\/www.avance.org\/wp-content\/uploads\/2024\/06\/Sterling-Stewart-200x200-1.png","keywords":["AVANCE"],"articleSection":["News"],"inLanguage":"es-MX","potentialAction":[{"@type":"CommentAction","name":"Comment","target":["https:\/\/www.avance.org\/additions-to-the-avance-national-board\/#respond"]}]},{"@type":"WebPage","@id":"https:\/\/www.avance.org\/additions-to-the-avance-national-board\/","url":"https:\/\/www.avance.org\/additions-to-the-avance-national-board\/","name":"Additions to the AVANCE National Board of Directors - AVANCE","isPartOf":{"@id":"https:\/\/www.avance.org\/#website"},"primaryImageOfPage":{"@id":"https:\/\/www.avance.org\/additions-to-the-avance-national-board\/#primaryimage"},"image":{"@id":"https:\/\/www.avance.org\/additions-to-the-avance-national-board\/#primaryimage"},"thumbnailUrl":"https:\/\/www.avance.org\/wp-content\/uploads\/2024\/06\/Sterling-Stewart-200x200-1.png","datePublished":"2024-07-03T12:26:34+00:00","dateModified":"2024-07-03T12:26:36+00:00","description":"The AVANCE National Board of Directors has grown! We are pleased to introduce eight new members, each of whom brings unique perspectives and expertise to our diverse Board of Directors.","breadcrumb":{"@id":"https:\/\/www.avance.org\/additions-to-the-avance-national-board\/#breadcrumb"},"inLanguage":"es-MX","potentialAction":[{"@type":"ReadAction","target":["https:\/\/www.avance.org\/additions-to-the-avance-national-board\/"]}]},{"@type":"ImageObject","inLanguage":"es-MX","@id":"https:\/\/www.avance.org\/additions-to-the-avance-national-board\/#primaryimage","url":"https:\/\/www.avance.org\/wp-content\/uploads\/2024\/06\/Sterling-Stewart-200x200-1.png","contentUrl":"https:\/\/www.avance.org\/wp-content\/uploads\/2024\/06\/Sterling-Stewart-200x200-1.png"},{"@type":"BreadcrumbList","@id":"https:\/\/www.avance.org\/additions-to-the-avance-national-board\/#breadcrumb","itemListElement":[{"@type":"ListItem","position":1,"name":"Home","item":"https:\/\/www.avance.org\/"},{"@type":"ListItem","position":2,"name":"Additions to the AVANCE National Board of Directors"}]},{"@type":"WebSite","@id":"https:\/\/www.avance.org\/#website","url":"https:\/\/www.avance.org\/","name":"AVANCE","description":"Unlocking America&#039;s Potential","publisher":{"@id":"https:\/\/www.avance.org\/#organization"},"potentialAction":[{"@type":"SearchAction","target":{"@type":"EntryPoint","urlTemplate":"https:\/\/www.avance.org\/?s={search_term_string}"},"query-input":{"@type":"PropertyValueSpecification","valueRequired":true,"valueName":"search_term_string"}}],"inLanguage":"es-MX"},{"@type":"Organization","@id":"https:\/\/www.avance.org\/#organization","name":"AVANCE","url":"https:\/\/www.avance.org\/","logo":{"@type":"ImageObject","inLanguage":"es-MX","@id":"https:\/\/www.avance.org\/#\/schema\/logo\/image\/","url":"https:\/\/www.avance.org\/wp-content\/uploads\/2022\/07\/logo.svg","contentUrl":"https:\/\/www.avance.org\/wp-content\/uploads\/2022\/07\/logo.svg","caption":"AVANCE"},"image":{"@id":"https:\/\/www.avance.org\/#\/schema\/logo\/image\/"},"sameAs":["https:\/\/www.facebook.com\/AVANCEinc\/","https:\/\/x.com\/AVANCEinc","https:\/\/www.instagram.com\/avance__inc\/","https:\/\/www.linkedin.com\/company\/avance-inc"]},{"@type":"Person","@id":"https:\/\/www.avance.org\/#\/schema\/person\/6a12f310d7ae6b82e3dc7fc60fa573ce","name":"randerson","image":{"@type":"ImageObject","inLanguage":"es-MX","@id":"https:\/\/www.avance.org\/#\/schema\/person\/image\/","url":"https:\/\/secure.gravatar.com\/avatar\/7471d7b75ab6fe219f2da834bc8eee71d04ff1ab6719ad75779a5ac1dc49f017?s=96&d=mm&r=g","contentUrl":"https:\/\/secure.gravatar.com\/avatar\/7471d7b75ab6fe219f2da834bc8eee71d04ff1ab6719ad75779a5ac1dc49f017?s=96&d=mm&r=g","caption":"randerson"},"url":"https:\/\/www.avance.org\/es\/author\/randerson\/"}]}},"post_mailing_queue_ids":[],"_links":{"self":[{"href":"https:\/\/www.avance.org\/es\/wp-json\/wp\/v2\/posts\/5899","targetHints":{"allow":["GET"]}}],"collection":[{"href":"https:\/\/www.avance.org\/es\/wp-json\/wp\/v2\/posts"}],"about":[{"href":"https:\/\/www.avance.org\/es\/wp-json\/wp\/v2\/types\/post"}],"author":[{"embeddable":true,"href":"https:\/\/www.avance.org\/es\/wp-json\/wp\/v2\/users\/22"}],"replies":[{"embeddable":true,"href":"https:\/\/www.avance.org\/es\/wp-json\/wp\/v2\/comments?post=5899"}],"version-history":[{"count":7,"href":"https:\/\/www.avance.org\/es\/wp-json\/wp\/v2\/posts\/5899\/revisions"}],"predecessor-version":[{"id":5906,"href":"https:\/\/www.avance.org\/es\/wp-json\/wp\/v2\/posts\/5899\/revisions\/5906"}],"wp:attachment":[{"href":"https:\/\/www.avance.org\/es\/wp-json\/wp\/v2\/media?parent=5899"}],"wp:term":[{"taxonomy":"category","embeddable":true,"href":"https:\/\/www.avance.org\/es\/wp-json\/wp\/v2\/categories?post=5899"},{"taxonomy":"post_tag","embeddable":true,"href":"https:\/\/www.avance.org\/es\/wp-json\/wp\/v2\/tags?post=5899"}],"curies":[{"name":"wp","href":"https:\/\/api.w.org\/{rel}","templated":true}]}}